{"id":2594,"date":"2023-10-29T19:27:33","date_gmt":"2023-10-29T18:27:33","guid":{"rendered":"https:\/\/clgfrancois-rabelais37.fr\/?p=2594"},"modified":"2025-05-12T09:48:12","modified_gmt":"2025-05-12T07:48:12","slug":"le-street-van-lutte-toujours-contre-les-discriminations","status":"publish","type":"post","link":"https:\/\/clgfrancois-rabelais37.fr\/?p=2594","title":{"rendered":"Le Street van lutte toujours contre les discriminations!"},"content":{"rendered":"\n<p>Dans la semaine du 13 au 17 novembre, les \u00e9l\u00e8ves pourront voir le camion des \u00e9ducateurs de pr\u00e9vention s&rsquo;installer dans la cour du coll\u00e8ge.<\/p>\n\n\n\n<p>L&rsquo;an dernier, ils avaient pu r\u00e9fl\u00e9chir \u00e0 partir de la question \u00ab\u00a0T&rsquo;es-tu senti \u00e9tranger quelque part?\u00a0\u00bb. <\/p>\n\n\n\n<p>Cette ann\u00e9e, nous nous demanderons ensemble, lors du prochain CESCE (Comit\u00e9 d\u2019\u00c9ducation \u00e0 la Sant\u00e9, la citoyennet\u00e9, et l&rsquo;environnement), quelles actions mettre en \u0153uvre \u00e0 ce moment-l\u00e0. <\/p>\n\n\n\n<p>Rendez-vous le 13 novembre 2023!<\/p>\n\n\n\n<div style=\"position: relative; width: 100%; height: 0; padding-top: 141.4286%;\n padding-bottom: 0; box-shadow: 0 2px 8px 0 rgba(63,69,81,0.16); margin-top: 1.6em; margin-bottom: 0.9em; overflow: hidden;\n border-radius: 8px; will-change: transform;\">\n  <iframe loading=\"lazy\" style=\"position: absolute; width: 100%; height: 100%; top: 0; left: 0; border: none; padding: 0;margin: 0;\"\n    src=\"https:&#x2F;&#x2F;www.canva.com&#x2F;design&#x2F;DAFbZ4EIre0&#x2F;view?embed\" allowfullscreen=\"allowfullscreen\" allow=\"fullscreen\">\n  <\/iframe>\n<\/div>\n<a href=\"https:&#x2F;&#x2F;www.canva.com&#x2F;design&#x2F;DAFbZ4EIre0&#x2F;view?utm_content=DAFbZ4EIre0&amp;utm_campaign=designshare&amp;utm_medium=embeds&amp;utm_source=link\" target=\"_blank\" rel=\"noopener\">La Caravane anti-discrimination<\/a> par Vicet\n\n\n","protected":false},"excerpt":{"rendered":"<p>Dans la semaine du 13 au 17 novembre, les \u00e9l\u00e8ves pourront voir le camion des \u00e9ducateurs de pr\u00e9vention s&rsquo;installer dans la cour du coll\u00e8ge. L&rsquo;an dernier, ils avaient pu r\u00e9fl\u00e9chir \u00e0 partir de la question \u00ab\u00a0T&rsquo;es-tu senti \u00e9tranger quelque part?\u00a0\u00bb. Cette ann\u00e9e, nous nous demanderons ensemble, lors du prochain CESCE (Comit\u00e9 d\u2019\u00c9ducation \u00e0 la Sant\u00e9, [&hellip;]<\/p>\n","protected":false},"author":1,"featured_media":0,"comment_status":"closed","ping_status":"closed","sticky":false,"template":"","format":"standard","meta":{"saved_in_kubio":false,"footnotes":""},"categories":[52],"tags":[],"class_list":["post-2594","post","type-post","status-publish","format-standard","hentry","category-archives-2023-2024"],"_links":{"self":[{"href":"https:\/\/clgfrancois-rabelais37.fr\/index.php?rest_route=\/wp\/v2\/posts\/2594","targetHints":{"allow":["GET"]}}],"collection":[{"href":"https:\/\/clgfrancois-rabelais37.fr\/index.php?rest_route=\/wp\/v2\/posts"}],"about":[{"href":"https:\/\/clgfrancois-rabelais37.fr\/index.php?rest_route=\/wp\/v2\/types\/post"}],"author":[{"embeddable":true,"href":"https:\/\/clgfrancois-rabelais37.fr\/index.php?rest_route=\/wp\/v2\/users\/1"}],"replies":[{"embeddable":true,"href":"https:\/\/clgfrancois-rabelais37.fr\/index.php?rest_route=%2Fwp%2Fv2%2Fcomments&post=2594"}],"version-history":[{"count":1,"href":"https:\/\/clgfrancois-rabelais37.fr\/index.php?rest_route=\/wp\/v2\/posts\/2594\/revisions"}],"predecessor-version":[{"id":2597,"href":"https:\/\/clgfrancois-rabelais37.fr\/index.php?rest_route=\/wp\/v2\/posts\/2594\/revisions\/2597"}],"wp:attachment":[{"href":"https:\/\/clgfrancois-rabelais37.fr\/index.php?rest_route=%2Fwp%2Fv2%2Fmedia&parent=2594"}],"wp:term":[{"taxonomy":"category","embeddable":true,"href":"https:\/\/clgfrancois-rabelais37.fr\/index.php?rest_route=%2Fwp%2Fv2%2Fcategories&post=2594"},{"taxonomy":"post_tag","embeddable":true,"href":"https:\/\/clgfrancois-rabelais37.fr\/index.php?rest_route=%2Fwp%2Fv2%2Ftags&post=2594"}],"curies":[{"name":"wp","href":"https:\/\/api.w.org\/{rel}","templated":true}]}}