{"id":1865,"date":"2023-03-02T08:02:33","date_gmt":"2023-03-02T07:02:33","guid":{"rendered":"https:\/\/clgfrancois-rabelais37.fr\/?p=1865"},"modified":"2025-05-12T10:14:10","modified_gmt":"2025-05-12T08:14:10","slug":"un-sejour-a-lyon-pour-les-latinistes-de-3eme","status":"publish","type":"post","link":"https:\/\/clgfrancois-rabelais37.fr\/?p=1865","title":{"rendered":"Un s\u00e9jour \u00e0 Lyon pour les latinistes de 3\u00e8me!"},"content":{"rendered":"\n<p>Les 11 et 12 mai 2023, les \u00e9l\u00e8ves latinistes de troisi\u00e8me iront d\u00e9couvrir les sites arch\u00e9ologiques de Lyon, <em>Lugdunum<\/em>, l&rsquo;une des villes les plus importantes du monde romain \u00e0 l&rsquo;\u00e9poque imp\u00e9riale.<\/p>\n\n\n\n<p>Une vente de porte-cl\u00e9s accommod\u00e9s \u00e0 la mode romaine sera prochainement organis\u00e9e au profit de ce s\u00e9jour.<\/p>\n\n\n\n<figure class=\"wp-block-image size-full\"><img fetchpriority=\"high\" decoding=\"async\" width=\"1024\" height=\"768\" src=\"https:\/\/clgfrancois-rabelais37.fr\/wp-content\/uploads\/2023\/03\/Sejour-a-Lyon-3eme-2023.jpg\" alt=\"\" class=\"wp-image-1868\" srcset=\"https:\/\/clgfrancois-rabelais37.fr\/wp-content\/uploads\/2023\/03\/Sejour-a-Lyon-3eme-2023.jpg 1024w, https:\/\/clgfrancois-rabelais37.fr\/wp-content\/uploads\/2023\/03\/Sejour-a-Lyon-3eme-2023-300x225.jpg 300w, https:\/\/clgfrancois-rabelais37.fr\/wp-content\/uploads\/2023\/03\/Sejour-a-Lyon-3eme-2023-768x576.jpg 768w, https:\/\/clgfrancois-rabelais37.fr\/wp-content\/uploads\/2023\/03\/Sejour-a-Lyon-3eme-2023-360x270.jpg 360w\" sizes=\"(max-width: 1024px) 100vw, 1024px\" \/><figcaption class=\"wp-element-caption\">Amphith\u00e9\u00e2tre de Lyon \u00a9J.Maltinti-Tauzin<\/figcaption><\/figure>\n\n\n\n<figure class=\"wp-block-image size-large\"><img decoding=\"async\" width=\"831\" height=\"1024\" src=\"https:\/\/clgfrancois-rabelais37.fr\/wp-content\/uploads\/2023\/03\/POrte-cles-831x1024.jpg\" alt=\"\" class=\"wp-image-1870\" srcset=\"https:\/\/clgfrancois-rabelais37.fr\/wp-content\/uploads\/2023\/03\/POrte-cles-831x1024.jpg 831w, https:\/\/clgfrancois-rabelais37.fr\/wp-content\/uploads\/2023\/03\/POrte-cles-243x300.jpg 243w, https:\/\/clgfrancois-rabelais37.fr\/wp-content\/uploads\/2023\/03\/POrte-cles-768x947.jpg 768w, https:\/\/clgfrancois-rabelais37.fr\/wp-content\/uploads\/2023\/03\/POrte-cles-219x270.jpg 219w, https:\/\/clgfrancois-rabelais37.fr\/wp-content\/uploads\/2023\/03\/POrte-cles.jpg 1217w\" sizes=\"(max-width: 831px) 100vw, 831px\" \/><figcaption class=\"wp-element-caption\">Les porte-cl\u00e9s \u00e0 vendre \u00a9J.Maltinti-Tauzin<\/figcaption><\/figure>\n","protected":false},"excerpt":{"rendered":"<p>Les 11 et 12 mai 2023, les \u00e9l\u00e8ves latinistes de troisi\u00e8me iront d\u00e9couvrir les sites arch\u00e9ologiques de Lyon, Lugdunum, l&rsquo;une des villes les plus importantes du monde romain \u00e0 l&rsquo;\u00e9poque imp\u00e9riale. Une vente de porte-cl\u00e9s accommod\u00e9s \u00e0 la mode romaine sera prochainement organis\u00e9e au profit de ce s\u00e9jour.<\/p>\n","protected":false},"author":1,"featured_media":0,"comment_status":"closed","ping_status":"closed","sticky":false,"template":"","format":"standard","meta":{"saved_in_kubio":false,"footnotes":""},"categories":[53],"tags":[],"class_list":["post-1865","post","type-post","status-publish","format-standard","hentry","category-archives-2022-2023"],"_links":{"self":[{"href":"https:\/\/clgfrancois-rabelais37.fr\/index.php?rest_route=\/wp\/v2\/posts\/1865","targetHints":{"allow":["GET"]}}],"collection":[{"href":"https:\/\/clgfrancois-rabelais37.fr\/index.php?rest_route=\/wp\/v2\/posts"}],"about":[{"href":"https:\/\/clgfrancois-rabelais37.fr\/index.php?rest_route=\/wp\/v2\/types\/post"}],"author":[{"embeddable":true,"href":"https:\/\/clgfrancois-rabelais37.fr\/index.php?rest_route=\/wp\/v2\/users\/1"}],"replies":[{"embeddable":true,"href":"https:\/\/clgfrancois-rabelais37.fr\/index.php?rest_route=%2Fwp%2Fv2%2Fcomments&post=1865"}],"version-history":[{"count":2,"href":"https:\/\/clgfrancois-rabelais37.fr\/index.php?rest_route=\/wp\/v2\/posts\/1865\/revisions"}],"predecessor-version":[{"id":1872,"href":"https:\/\/clgfrancois-rabelais37.fr\/index.php?rest_route=\/wp\/v2\/posts\/1865\/revisions\/1872"}],"wp:attachment":[{"href":"https:\/\/clgfrancois-rabelais37.fr\/index.php?rest_route=%2Fwp%2Fv2%2Fmedia&parent=1865"}],"wp:term":[{"taxonomy":"category","embeddable":true,"href":"https:\/\/clgfrancois-rabelais37.fr\/index.php?rest_route=%2Fwp%2Fv2%2Fcategories&post=1865"},{"taxonomy":"post_tag","embeddable":true,"href":"https:\/\/clgfrancois-rabelais37.fr\/index.php?rest_route=%2Fwp%2Fv2%2Ftags&post=1865"}],"curies":[{"name":"wp","href":"https:\/\/api.w.org\/{rel}","templated":true}]}}