{"id":1394,"date":"2022-05-19T16:58:03","date_gmt":"2022-05-19T14:58:03","guid":{"rendered":"https:\/\/clgfrancois-rabelais37.fr\/?p=1394"},"modified":"2025-05-12T10:48:19","modified_gmt":"2025-05-12T08:48:19","slug":"encore-des-championnes-a-las-rabelais","status":"publish","type":"post","link":"https:\/\/clgfrancois-rabelais37.fr\/?p=1394","title":{"rendered":"Encore des championnes \u00e0 l&rsquo;AS Rabelais!"},"content":{"rendered":"\n<p>C&rsquo;\u00e9tait une tr\u00e8s agr\u00e9able journ\u00e9e UNSS&nbsp; \u00a0\u00bb Volley Ball, Hand ball , ultimate&nbsp; et short tennis sur herbe \u00a0\u00bb , hier, mercredi&nbsp;18 Mai , \u00e0 Jou\u00e9-les-Tours. Malgr\u00e9 une grosse chaleur, l&rsquo;ambiance \u00e9tait vraiment tr\u00e8s conviviale !<br>Et encore une coupe pour l&rsquo;AS Rabelais gr\u00e2ce \u00e0 deux jeunes filles de 5\u00e8me, Ethel et Diane, qui ont remport\u00e9 le tournoi en 2 contre 2 VOLLEY Benjamines ! BRAVO!<br>&nbsp;<br>Prochaine sortie pr\u00e9vue pour couronner l&rsquo;ann\u00e9e en beaut\u00e9 :&nbsp; la sortie de fin de l&rsquo;ann\u00e9e de notre AS Rabelais au Lac des Bretonni\u00e8res \u00e0 Jou\u00e9-les-Tours avec accrobranches , beach volley, ultimate et, peut-\u00eatre, short tennis. <\/p>\n\n\n\n<figure class=\"wp-block-embed aligncenter is-type-rich is-provider-twitter wp-block-embed-twitter\"><div class=\"wp-block-embed__wrapper\">\n<blockquote class=\"twitter-tweet\" data-width=\"500\" data-dnt=\"true\"><p lang=\"fr\" dir=\"ltr\">D\u00e9licieuse journ\u00e9e <a href=\"https:\/\/twitter.com\/unss37?ref_src=twsrc%5Etfw\">@unss37<\/a> hier autour du volley, hand, ultimate et short tennis sur herbe pour nos \u00e9l\u00e8ves de l&#39;<a href=\"https:\/\/twitter.com\/hashtag\/AS?src=hash&amp;ref_src=twsrc%5Etfw\">#AS<\/a> Rabelais. Et encore une coupe pour deux jeunes filles de 5\u00e8me, Ethel et Diane. Bravo aux volley Benjamines! <a href=\"https:\/\/twitter.com\/DelacoutS?ref_src=twsrc%5Etfw\">@DelacoutS<\/a> <a href=\"https:\/\/twitter.com\/Elrollo37?ref_src=twsrc%5Etfw\">@Elrollo37<\/a> <a href=\"https:\/\/twitter.com\/dsden37?ref_src=twsrc%5Etfw\">@dsden37<\/a> <a href=\"https:\/\/t.co\/wXcXiywPtM\">pic.twitter.com\/wXcXiywPtM<\/a><\/p>&mdash; Coll\u00e8ge Fran\u00e7ois Rabelais (@RabelaisCollege) <a href=\"https:\/\/twitter.com\/RabelaisCollege\/status\/1527300749180424192?ref_src=twsrc%5Etfw\">May 19, 2022<\/a><\/blockquote><script async src=\"https:\/\/platform.twitter.com\/widgets.js\" charset=\"utf-8\"><\/script>\n<\/div><\/figure>\n\n\n\n<p><\/p>\n","protected":false},"excerpt":{"rendered":"<p>C&rsquo;\u00e9tait une tr\u00e8s agr\u00e9able journ\u00e9e UNSS&nbsp; \u00a0\u00bb Volley Ball, Hand ball , ultimate&nbsp; et short tennis sur herbe \u00a0\u00bb , hier, mercredi&nbsp;18 Mai , \u00e0 Jou\u00e9-les-Tours. Malgr\u00e9 une grosse chaleur, l&rsquo;ambiance \u00e9tait vraiment tr\u00e8s conviviale !Et encore une coupe pour l&rsquo;AS Rabelais gr\u00e2ce \u00e0 deux jeunes filles de 5\u00e8me, Ethel et Diane, qui ont remport\u00e9 [&hellip;]<\/p>\n","protected":false},"author":1,"featured_media":0,"comment_status":"closed","ping_status":"closed","sticky":false,"template":"","format":"standard","meta":{"saved_in_kubio":false,"footnotes":""},"categories":[55],"tags":[],"class_list":["post-1394","post","type-post","status-publish","format-standard","hentry","category-archives-2021-2022"],"_links":{"self":[{"href":"https:\/\/clgfrancois-rabelais37.fr\/index.php?rest_route=\/wp\/v2\/posts\/1394","targetHints":{"allow":["GET"]}}],"collection":[{"href":"https:\/\/clgfrancois-rabelais37.fr\/index.php?rest_route=\/wp\/v2\/posts"}],"about":[{"href":"https:\/\/clgfrancois-rabelais37.fr\/index.php?rest_route=\/wp\/v2\/types\/post"}],"author":[{"embeddable":true,"href":"https:\/\/clgfrancois-rabelais37.fr\/index.php?rest_route=\/wp\/v2\/users\/1"}],"replies":[{"embeddable":true,"href":"https:\/\/clgfrancois-rabelais37.fr\/index.php?rest_route=%2Fwp%2Fv2%2Fcomments&post=1394"}],"version-history":[{"count":2,"href":"https:\/\/clgfrancois-rabelais37.fr\/index.php?rest_route=\/wp\/v2\/posts\/1394\/revisions"}],"predecessor-version":[{"id":1398,"href":"https:\/\/clgfrancois-rabelais37.fr\/index.php?rest_route=\/wp\/v2\/posts\/1394\/revisions\/1398"}],"wp:attachment":[{"href":"https:\/\/clgfrancois-rabelais37.fr\/index.php?rest_route=%2Fwp%2Fv2%2Fmedia&parent=1394"}],"wp:term":[{"taxonomy":"category","embeddable":true,"href":"https:\/\/clgfrancois-rabelais37.fr\/index.php?rest_route=%2Fwp%2Fv2%2Fcategories&post=1394"},{"taxonomy":"post_tag","embeddable":true,"href":"https:\/\/clgfrancois-rabelais37.fr\/index.php?rest_route=%2Fwp%2Fv2%2Ftags&post=1394"}],"curies":[{"name":"wp","href":"https:\/\/api.w.org\/{rel}","templated":true}]}}